{"id":155944,"date":"2026-05-02T04:45:27","date_gmt":"2026-05-02T07:45:27","guid":{"rendered":"https:\/\/tarauacanamidia.com.br\/?p=155944"},"modified":"2026-05-02T04:45:27","modified_gmt":"2026-05-02T07:45:27","slug":"tres-adolescentes-sao-apreendidos-por-estupro-de-duas-criancas-na-zona-leste-de-sao-paulo","status":"publish","type":"post","link":"https:\/\/tarauacanamidia.com.br\/?p=155944","title":{"rendered":"Tr\u00eas adolescentes s\u00e3o apreendidos por estupro de duas crian\u00e7as na Zona Leste de S\u00e3o Paulo"},"content":{"rendered":"\n<div>\n<p><strong>Pol\u00edcia Civil investiga participa\u00e7\u00e3o de adulto foragido e conduz apura\u00e7\u00e3o sob sigilo para proteger v\u00edtimas<\/strong><\/p>\n<p>Tr\u00eas adolescentes foram apreendidos pela Pol\u00edcia Civil de S\u00e3o Paulo por envolvimento no estupro de duas crian\u00e7as na Zona Leste da capital paulista. O crime foi registrado recentemente e segue sob investiga\u00e7\u00e3o, com um adulto identificado como suspeito ainda foragido.<\/p>\n<p>De acordo com a Pol\u00edcia Civil de S\u00e3o Paulo, os menores foram localizados e encaminhados \u00e0s autoridades competentes ap\u00f3s a identifica\u00e7\u00e3o de ind\u00edcios consistentes de participa\u00e7\u00e3o no crime. As v\u00edtimas est\u00e3o recebendo acompanhamento especializado.<\/p>\n<p>A investiga\u00e7\u00e3o apura a din\u00e2mica dos fatos e a poss\u00edvel participa\u00e7\u00e3o de um adulto, que n\u00e3o foi localizado at\u00e9 o momento e \u00e9 considerado foragido. O caso tramita sob sigilo, conforme previsto em lei, para preservar a identidade das v\u00edtimas, que s\u00e3o menores de idade.<\/p>\n<p>As dilig\u00eancias incluem:<\/p>\n<ul>\n<li>coleta de depoimentos<\/li>\n<li>an\u00e1lise de provas t\u00e9cnicas<\/li>\n<li>identifica\u00e7\u00e3o de todos os envolvidos<\/li>\n<\/ul>\n<p>A Pol\u00edcia Civil informou que as investiga\u00e7\u00f5es continuam em andamento e que equipes seguem em busca do suspeito adulto, com prioridade na localiza\u00e7\u00e3o e responsabiliza\u00e7\u00e3o de todos os envolvidos.<\/p>\n<p><strong>Prote\u00e7\u00e3o legal e atendimento \u00e0s v\u00edtimas<\/strong><\/p>\n<p>Casos que envolvem viol\u00eancia sexual contra crian\u00e7as seguem protocolos espec\u00edficos no Brasil:<\/p>\n<p>\u2714\ufe0f sigilo obrigat\u00f3rio das informa\u00e7\u00f5es<br \/>\u2714\ufe0f atendimento psicol\u00f3gico e m\u00e9dico especializado<br \/>\u2714\ufe0f acompanhamento por \u00f3rg\u00e3os de prote\u00e7\u00e3o<\/p>\n<p>O procedimento \u00e9 respaldado pelo Estatuto da Crian\u00e7a e do Adolescente (ECA), que determina prioridade absoluta \u00e0 prote\u00e7\u00e3o de menores.<\/p>\n<p>Crimes dessa natureza s\u00e3o tratados com prioridade pelas autoridades e envolvem atua\u00e7\u00e3o conjunta de \u00e1reas de seguran\u00e7a, sa\u00fade e assist\u00eancia social. A legisla\u00e7\u00e3o brasileira prev\u00ea medidas socioeducativas para adolescentes e responsabiliza\u00e7\u00e3o penal para adultos.<\/p>\n<p>Especialistas em direito penal destacam que a apura\u00e7\u00e3o exige cuidado t\u00e9cnico e sigilo rigoroso, garantindo a prote\u00e7\u00e3o das v\u00edtimas e a integridade das provas.<\/p>\n<p>Na cidade de S\u00e3o Paulo, a rede de prote\u00e7\u00e3o \u00e0 inf\u00e2ncia inclui delegacias especializadas, conselhos tutelares e servi\u00e7os de atendimento \u00e0 v\u00edtima. A atua\u00e7\u00e3o integrada \u00e9 fundamental para garantir acolhimento e encaminhamento adequado em casos de viol\u00eancia.<\/p>\n<p>A Zona Leste, regi\u00e3o mais populosa da capital, concentra grande demanda por servi\u00e7os p\u00fablicos, o que refor\u00e7a a import\u00e2ncia de estruturas eficientes de prote\u00e7\u00e3o social.<\/p>\n<p><strong>SERVI\u00c7O AO LEITOR<\/strong><\/p>\n<p>Casos de viol\u00eancia contra crian\u00e7as devem ser denunciados imediatamente:<\/p>\n<p>\u2714\ufe0f Disque 100 (Direitos Humanos)<br \/>\u2714\ufe0f Pol\u00edcia Militar (190) em situa\u00e7\u00f5es de emerg\u00eancia<br \/>\u2714\ufe0f Conselho Tutelar da regi\u00e3o<br \/>\u2714\ufe0f Delegacias especializadas da Pol\u00edcia Civil de S\u00e3o Paulo<\/p>\n<p>Den\u00fancias podem ser feitas de forma an\u00f4nima.<\/p>\n<p>A apreens\u00e3o dos adolescentes representa um avan\u00e7o na investiga\u00e7\u00e3o, que segue em busca do suspeito adulto. O caso refor\u00e7a a import\u00e2ncia da den\u00fancia e da atua\u00e7\u00e3o integrada das autoridades para prote\u00e7\u00e3o de crian\u00e7as e responsabiliza\u00e7\u00e3o dos envolvidos.<\/p>\n<p><strong>Editor-Executivo-Regional:<\/strong><br \/><strong>Vinicius Moror\u00f3 \u2013 Jornalista At\u00edpico<\/strong><\/p>\n<p><strong>HostingPRESS Ag\u00eancia de Not\u00edcias de S\u00e3o Paulo<\/strong><br \/>Conte\u00fado distribu\u00eddo por nossa Central de Jornalismo<br \/>Reprodu\u00e7\u00e3o autorizada mediante cr\u00e9dito da fonte<\/p>\n<p>Portal criado para conectar os leitores da regi\u00e3o ao melhor conte\u00fado<\/p>\n<p>Somos l\u00edderes de audi\u00eancia local. Somos sociais.\u00a0Conecte-se conosco.<\/p>\n<\/p><\/div>\n<section>  \t<img alt=\"Avatar photo\" src=\"https:\/\/hostingpress.com.br\/wp-content\/uploads\/2026\/03\/cropped-Divilgacao-95x95.jpeg\"  height=\"95\" width=\"95\" decoding=\"async\">\t \t<\/p>\n<div>\n<p>Vinicius Moror\u00f3<\/p>\n<p>Editor-Executivo-Regional | Jornalista | Diretor Editorial    Editor-Executivo-Regional da HostingPress Ag\u00eancia de Not\u00edcias de S\u00e3o Paulo, com atua\u00e7\u00e3o voltada \u00e0 coordena\u00e7\u00e3o editorial regional, articula\u00e7\u00e3o com ve\u00edculos parceiros e fortalecimento da distribui\u00e7\u00e3o de conte\u00fado jornal\u00edstico no Estado de S\u00e3o Paulo.      Editor-chefe do Jornal Impacto Cotia, com foco em jornalismo investigativo, interesse p\u00fablico e an\u00e1lise cr\u00edtica de temas pol\u00edticos, sociais e institucionais.<\/p>\n<\/p><\/div>\n<\/section>\n","protected":false},"excerpt":{"rendered":"<p>Pol\u00edcia Civil investiga participa\u00e7\u00e3o de adulto foragido e conduz apura\u00e7\u00e3o sob sigilo para proteger v\u00edtimas Tr\u00eas adolescentes foram apreendidos pela Pol\u00edcia Civil de S\u00e3o Paulo por envolvimento no estupro de duas crian\u00e7as na Zona Leste da capital paulista. O crime foi registrado recentemente e segue sob investiga\u00e7\u00e3o, com um adulto identificado como suspeito ainda foragido.<\/p>\n","protected":false},"author":1,"featured_media":155945,"comment_status":"closed","ping_status":"closed","sticky":false,"template":"","format":"standard","meta":{"footnotes":""},"categories":[34],"tags":[],"class_list":{"0":"post-155944","1":"post","2":"type-post","3":"status-publish","4":"format-standard","5":"has-post-thumbnail","7":"category-policia"},"_links":{"self":[{"href":"https:\/\/tarauacanamidia.com.br\/index.php?rest_route=\/wp\/v2\/posts\/155944","targetHints":{"allow":["GET"]}}],"collection":[{"href":"https:\/\/tarauacanamidia.com.br\/index.php?rest_route=\/wp\/v2\/posts"}],"about":[{"href":"https:\/\/tarauacanamidia.com.br\/index.php?rest_route=\/wp\/v2\/types\/post"}],"author":[{"embeddable":true,"href":"https:\/\/tarauacanamidia.com.br\/index.php?rest_route=\/wp\/v2\/users\/1"}],"replies":[{"embeddable":true,"href":"https:\/\/tarauacanamidia.com.br\/index.php?rest_route=%2Fwp%2Fv2%2Fcomments&post=155944"}],"version-history":[{"count":0,"href":"https:\/\/tarauacanamidia.com.br\/index.php?rest_route=\/wp\/v2\/posts\/155944\/revisions"}],"wp:featuredmedia":[{"embeddable":true,"href":"https:\/\/tarauacanamidia.com.br\/index.php?rest_route=\/wp\/v2\/media\/155945"}],"wp:attachment":[{"href":"https:\/\/tarauacanamidia.com.br\/index.php?rest_route=%2Fwp%2Fv2%2Fmedia&parent=155944"}],"wp:term":[{"taxonomy":"category","embeddable":true,"href":"https:\/\/tarauacanamidia.com.br\/index.php?rest_route=%2Fwp%2Fv2%2Fcategories&post=155944"},{"taxonomy":"post_tag","embeddable":true,"href":"https:\/\/tarauacanamidia.com.br\/index.php?rest_route=%2Fwp%2Fv2%2Ftags&post=155944"}],"curies":[{"name":"wp","href":"https:\/\/api.w.org\/{rel}","templated":true}]}}