{"id":155936,"date":"2026-05-02T02:51:00","date_gmt":"2026-05-02T05:51:00","guid":{"rendered":"https:\/\/tarauacanamidia.com.br\/?p=155936"},"modified":"2026-05-02T02:51:00","modified_gmt":"2026-05-02T05:51:00","slug":"feira-do-livro-da-rocha-movimenta-o-bixiga-com-autores-shows-e-acoes-sociais","status":"publish","type":"post","link":"https:\/\/tarauacanamidia.com.br\/?p=155936","title":{"rendered":"Feira do Livro da Rocha movimenta o Bixiga com autores, shows e a\u00e7\u00f5es sociais"},"content":{"rendered":"\n<div>\n<p><strong>Evento cultural gratuito re\u00fane programa\u00e7\u00e3o liter\u00e1ria, musical e iniciativas sociais a partir desta sexta-feira na capital<\/strong><\/p>\n<p>A Feira do Livro da Rocha come\u00e7a nesta sexta-feira (1\u00ba) no bairro do Bixiga, regi\u00e3o central de S\u00e3o Paulo, com programa\u00e7\u00e3o que inclui encontros com autores, apresenta\u00e7\u00f5es musicais e a\u00e7\u00f5es sociais. O evento \u00e9 gratuito e aberto ao p\u00fablico.<\/p>\n<p>Realizada em um dos bairros mais tradicionais da capital, a feira re\u00fane atividades voltadas \u00e0 promo\u00e7\u00e3o da leitura e ao acesso \u00e0 cultura. A programa\u00e7\u00e3o contempla lan\u00e7amentos de livros, rodas de conversa, sess\u00f5es de aut\u00f3grafos e apresenta\u00e7\u00f5es art\u00edsticas.<\/p>\n<p>Al\u00e9m da agenda liter\u00e1ria, o evento incorpora iniciativas sociais, com a\u00e7\u00f5es voltadas \u00e0 comunidade local e incentivo \u00e0 participa\u00e7\u00e3o de diferentes p\u00fablicos.<\/p>\n<p>Entre os destaques da programa\u00e7\u00e3o:<\/p>\n<ul>\n<li>encontros com escritores e convidados<\/li>\n<li>shows musicais ao longo dos dias<\/li>\n<li>atividades culturais e educativas<\/li>\n<li>a\u00e7\u00f5es sociais abertas ao p\u00fablico<\/li>\n<\/ul>\n<p>A organiza\u00e7\u00e3o do evento destaca que a feira tem como objetivo democratizar o acesso ao livro e fortalecer a cena cultural da cidade, promovendo a integra\u00e7\u00e3o entre literatura, arte e comunidade.<\/p>\n<p><strong>Programa\u00e7\u00e3o diversificada no Bixiga<\/strong><\/p>\n<p>O evento aposta em uma agenda ampla para atrair diferentes perfis de p\u00fablico:<\/p>\n<p>\u2714\ufe0f atividades gratuitas<br \/>\u2714\ufe0f programa\u00e7\u00e3o para todas as idades<br \/>\u2714\ufe0f integra\u00e7\u00e3o entre cultura e a\u00e7\u00f5es sociais<\/p>\n<p>Feiras liter\u00e1rias t\u00eam ganhado espa\u00e7o nas grandes cidades como forma de incentivo \u00e0 leitura e valoriza\u00e7\u00e3o de autores independentes e editoras. A combina\u00e7\u00e3o com atra\u00e7\u00f5es musicais e a\u00e7\u00f5es sociais amplia o alcance e o engajamento do p\u00fablico.<\/p>\n<p>Especialistas em pol\u00edticas culturais apontam que eventos gratuitos s\u00e3o fundamentais para democratizar o acesso \u00e0 cultura em centros urbanos.<\/p>\n<p>O Bixiga, localizado no centro da capital, \u00e9 reconhecido por sua tradi\u00e7\u00e3o cultural e forte presen\u00e7a art\u00edstica. A realiza\u00e7\u00e3o da feira refor\u00e7a o papel da regi\u00e3o como polo cultural e contribui para a movimenta\u00e7\u00e3o econ\u00f4mica e tur\u00edstica do entorno.<\/p>\n<p>A cidade de S\u00e3o Paulo concentra grande n\u00famero de eventos liter\u00e1rios ao longo do ano, consolidando-se como refer\u00eancia nacional no setor.<\/p>\n<p><strong>SERVI\u00c7O AO LEITOR<\/strong><\/p>\n<p>Para participar da feira:<\/p>\n<p>\u2714\ufe0f entrada gratuita<br \/>\u2714\ufe0f verificar programa\u00e7\u00e3o completa nos canais oficiais do evento<br \/>\u2714\ufe0f chegar com anteced\u00eancia em atividades concorridas<br \/>\u2714\ufe0f utilizar transporte p\u00fablico para facilitar o acesso ao centro<\/p>\n<p>A Feira do Livro da Rocha amplia o acesso \u00e0 cultura no centro de S\u00e3o Paulo ao reunir literatura, m\u00fasica e a\u00e7\u00f5es sociais em um \u00fanico espa\u00e7o. O evento refor\u00e7a a import\u00e2ncia de iniciativas culturais abertas e acess\u00edveis \u00e0 popula\u00e7\u00e3o.<\/p>\n<p><strong>Editor-Executivo-Regional:<\/strong><br \/><strong>Vinicius Moror\u00f3 \u2013 Jornalista At\u00edpico<\/strong><\/p>\n<p><strong>HostingPRESS Ag\u00eancia de Not\u00edcias de S\u00e3o Paulo<\/strong><br \/>Conte\u00fado distribu\u00eddo por nossa Central de Jornalismo<br \/>Reprodu\u00e7\u00e3o autorizada mediante cr\u00e9dito da fonte<br \/>Portal criado para conectar os leitores da regi\u00e3o ao melhor conte\u00fado<br \/>Somos l\u00edderes de audi\u00eancia local. Somos sociais.\u00a0Conecte-se conosco.<\/p>\n<\/p><\/div>\n<section>  \t<img alt=\"Avatar photo\" src=\"https:\/\/hostingpress.com.br\/wp-content\/uploads\/2026\/03\/cropped-Divilgacao-95x95.jpeg\"  height=\"95\" width=\"95\" decoding=\"async\">\t \t<\/p>\n<div>\n<p>Vinicius Moror\u00f3<\/p>\n<p>Editor-Executivo-Regional | Jornalista | Diretor Editorial    Editor-Executivo-Regional da HostingPress Ag\u00eancia de Not\u00edcias de S\u00e3o Paulo, com atua\u00e7\u00e3o voltada \u00e0 coordena\u00e7\u00e3o editorial regional, articula\u00e7\u00e3o com ve\u00edculos parceiros e fortalecimento da distribui\u00e7\u00e3o de conte\u00fado jornal\u00edstico no Estado de S\u00e3o Paulo.      Editor-chefe do Jornal Impacto Cotia, com foco em jornalismo investigativo, interesse p\u00fablico e an\u00e1lise cr\u00edtica de temas pol\u00edticos, sociais e institucionais.<\/p>\n<\/p><\/div>\n<\/section>\n","protected":false},"excerpt":{"rendered":"<p>Evento cultural gratuito re\u00fane programa\u00e7\u00e3o liter\u00e1ria, musical e iniciativas sociais a partir desta sexta-feira na capital A Feira do Livro da Rocha come\u00e7a nesta sexta-feira (1\u00ba) no bairro do Bixiga, regi\u00e3o central de S\u00e3o Paulo, com programa\u00e7\u00e3o que inclui encontros com autores, apresenta\u00e7\u00f5es musicais e a\u00e7\u00f5es sociais. O evento \u00e9 gratuito e aberto ao p\u00fablico.<\/p>\n","protected":false},"author":808,"featured_media":155937,"comment_status":"closed","ping_status":"closed","sticky":false,"template":"","format":"standard","meta":{"footnotes":""},"categories":[32,1],"tags":[],"class_list":{"0":"post-155936","1":"post","2":"type-post","3":"status-publish","4":"format-standard","5":"has-post-thumbnail","7":"category-brasil","8":"category-todas-noticias"},"_links":{"self":[{"href":"https:\/\/tarauacanamidia.com.br\/index.php?rest_route=\/wp\/v2\/posts\/155936","targetHints":{"allow":["GET"]}}],"collection":[{"href":"https:\/\/tarauacanamidia.com.br\/index.php?rest_route=\/wp\/v2\/posts"}],"about":[{"href":"https:\/\/tarauacanamidia.com.br\/index.php?rest_route=\/wp\/v2\/types\/post"}],"author":[{"embeddable":true,"href":"https:\/\/tarauacanamidia.com.br\/index.php?rest_route=\/wp\/v2\/users\/808"}],"replies":[{"embeddable":true,"href":"https:\/\/tarauacanamidia.com.br\/index.php?rest_route=%2Fwp%2Fv2%2Fcomments&post=155936"}],"version-history":[{"count":0,"href":"https:\/\/tarauacanamidia.com.br\/index.php?rest_route=\/wp\/v2\/posts\/155936\/revisions"}],"wp:featuredmedia":[{"embeddable":true,"href":"https:\/\/tarauacanamidia.com.br\/index.php?rest_route=\/wp\/v2\/media\/155937"}],"wp:attachment":[{"href":"https:\/\/tarauacanamidia.com.br\/index.php?rest_route=%2Fwp%2Fv2%2Fmedia&parent=155936"}],"wp:term":[{"taxonomy":"category","embeddable":true,"href":"https:\/\/tarauacanamidia.com.br\/index.php?rest_route=%2Fwp%2Fv2%2Fcategories&post=155936"},{"taxonomy":"post_tag","embeddable":true,"href":"https:\/\/tarauacanamidia.com.br\/index.php?rest_route=%2Fwp%2Fv2%2Ftags&post=155936"}],"curies":[{"name":"wp","href":"https:\/\/api.w.org\/{rel}","templated":true}]}}