{"id":155832,"date":"2026-05-01T12:42:21","date_gmt":"2026-05-01T15:42:21","guid":{"rendered":"https:\/\/tarauacanamidia.com.br\/?p=155832"},"modified":"2026-05-01T12:42:21","modified_gmt":"2026-05-01T15:42:21","slug":"sao-paulo-lidera-geracao-de-empregos-no-brasil-com-mais-de-2-mil-vagas-abertas-por-dia-em-2026","status":"publish","type":"post","link":"https:\/\/tarauacanamidia.com.br\/?p=155832","title":{"rendered":"S\u00e3o Paulo lidera gera\u00e7\u00e3o de empregos no Brasil com mais de 2 mil vagas abertas por dia em 2026"},"content":{"rendered":"\n<div>\n<p><strong>Estado concentra maior volume de contrata\u00e7\u00f5es formais do pa\u00eds no primeiro trimestre, com impacto direto na economia paulista<\/strong><\/p>\n<p>O estado de S\u00e3o Paulo registrou a cria\u00e7\u00e3o de mais de 2 mil empregos formais por dia no primeiro trimestre de 2026, consolidando-se como l\u00edder nacional na gera\u00e7\u00e3o de vagas. Os dados foram divulgados pelo Governo do Estado de S\u00e3o Paulo, com base no Cadastro Geral de Empregados e Desempregados (Caged).<\/p>\n<p>Ao longo dos tr\u00eas primeiros meses do ano, S\u00e3o Paulo acumulou o maior saldo positivo de empregos com carteira assinada entre todas as unidades da federa\u00e7\u00e3o. O desempenho reflete a retomada de setores estrat\u00e9gicos da economia, como servi\u00e7os, ind\u00fastria e com\u00e9rcio.<\/p>\n<p>De acordo com o Minist\u00e9rio do Trabalho e Emprego, o estado foi respons\u00e1vel por uma parcela significativa das contrata\u00e7\u00f5es no pa\u00eds, refor\u00e7ando sua posi\u00e7\u00e3o como principal motor econ\u00f4mico nacional.<\/p>\n<p>Os n\u00fameros indicam que o ritmo m\u00e9dio di\u00e1rio de gera\u00e7\u00e3o de vagas ultrapassou 2 mil postos, resultado impulsionado por:<\/p>\n<ul>\n<li>expans\u00e3o do setor de servi\u00e7os<\/li>\n<li>reativa\u00e7\u00e3o da ind\u00fastria de transforma\u00e7\u00e3o<\/li>\n<li>aumento da demanda no com\u00e9rcio<\/li>\n<\/ul>\n<p>Segundo o Governo do Estado de S\u00e3o Paulo, o desempenho est\u00e1 associado a pol\u00edticas de incentivo ao investimento, qualifica\u00e7\u00e3o profissional e desburocratiza\u00e7\u00e3o para abertura de empresas.<\/p>\n<p><strong>Setores que mais geraram empregos<\/strong><\/p>\n<p>A distribui\u00e7\u00e3o das vagas mostra concentra\u00e7\u00e3o em \u00e1reas com maior dinamismo econ\u00f4mico:<\/p>\n<p>\u2714\ufe0f Servi\u00e7os, com destaque para tecnologia e atendimento<br \/>\u2714\ufe0f Com\u00e9rcio, impulsionado pelo consumo interno<br \/>\u2714\ufe0f Ind\u00fastria, com retomada gradual da produ\u00e7\u00e3o<\/p>\n<p>A gera\u00e7\u00e3o de empregos formais \u00e9 um dos principais indicadores da atividade econ\u00f4mica. O saldo positivo ocorre quando o n\u00famero de admiss\u00f5es supera o de desligamentos, refletindo crescimento e confian\u00e7a empresarial.<\/p>\n<p>Especialistas em mercado de trabalho apontam que a diversifica\u00e7\u00e3o da economia paulista contribui para maior resili\u00eancia em per\u00edodos de oscila\u00e7\u00e3o econ\u00f4mica, favorecendo a cria\u00e7\u00e3o cont\u00ednua de vagas.<\/p>\n<p>Na capital e na Regi\u00e3o Metropolitana, o impacto \u00e9 direto. A alta na gera\u00e7\u00e3o de empregos amplia o poder de consumo da popula\u00e7\u00e3o, movimenta o com\u00e9rcio local e reduz a press\u00e3o sobre programas sociais.<\/p>\n<p>Munic\u00edpios da Grande S\u00e3o Paulo, como Cotia, Osasco e Barueri, tamb\u00e9m acompanham o crescimento, impulsionados por polos log\u00edsticos, industriais e de servi\u00e7os.<\/p>\n<p>Para quem busca uma vaga de emprego em S\u00e3o Paulo:<\/p>\n<p>\u2714\ufe0f Acessar o portal oficial do Emprega SP<br \/>\u2714\ufe0f Manter curr\u00edculo atualizado em plataformas digitais<br \/>\u2714\ufe0f Buscar cursos de qualifica\u00e7\u00e3o gratuitos oferecidos pelo estado<br \/>\u2714\ufe0f Consultar unidades do Posto de Atendimento ao Trabalhador (PAT)<\/p>\n<p>Informa\u00e7\u00f5es adicionais podem ser obtidas junto ao Minist\u00e9rio do Trabalho e Emprego.<\/p>\n<p>Com mais de 2 mil empregos formais criados por dia, S\u00e3o Paulo refor\u00e7a sua lideran\u00e7a na gera\u00e7\u00e3o de vagas no Brasil em 2026. O cen\u00e1rio indica continuidade da recupera\u00e7\u00e3o econ\u00f4mica e amplia oportunidades para trabalhadores em diferentes setores.<\/p>\n<p><strong>Editor-Executivo-Regional:<\/strong><br \/><strong>Vinicius Moror\u00f3 \u2013 Jornalista At\u00edpico<\/strong><\/p>\n<p><strong>HostingPRESS Ag\u00eancia de Not\u00edcias de S\u00e3o Paulo<\/strong><br \/>Conte\u00fado distribu\u00eddo por nossa Central de Jornalismo<br \/>Reprodu\u00e7\u00e3o autorizada mediante cr\u00e9dito da fonte<br \/>Portal criado para conectar os leitores da regi\u00e3o ao melhor conte\u00fado<br \/>Somos l\u00edderes de audi\u00eancia local. Somos sociais.\u00a0Conecte-se conosco.<\/p>\n<\/p><\/div>\n<section>  \t<img alt=\"Avatar photo\" src=\"https:\/\/hostingpress.com.br\/wp-content\/uploads\/2026\/03\/cropped-Divilgacao-95x95.jpeg\"  height=\"95\" width=\"95\" decoding=\"async\">\t \t<\/p>\n<div>\n<p>Vinicius Moror\u00f3<\/p>\n<p>Editor-Executivo-Regional | Jornalista | Diretor Editorial    Editor-Executivo-Regional da HostingPress Ag\u00eancia de Not\u00edcias de S\u00e3o Paulo, com atua\u00e7\u00e3o voltada \u00e0 coordena\u00e7\u00e3o editorial regional, articula\u00e7\u00e3o com ve\u00edculos parceiros e fortalecimento da distribui\u00e7\u00e3o de conte\u00fado jornal\u00edstico no Estado de S\u00e3o Paulo.      Editor-chefe do Jornal Impacto Cotia, com foco em jornalismo investigativo, interesse p\u00fablico e an\u00e1lise cr\u00edtica de temas pol\u00edticos, sociais e institucionais.<\/p>\n<\/p><\/div>\n<\/section>\n","protected":false},"excerpt":{"rendered":"<p>Estado concentra maior volume de contrata\u00e7\u00f5es formais do pa\u00eds no primeiro trimestre, com impacto direto na economia paulista O estado de S\u00e3o Paulo registrou a cria\u00e7\u00e3o de mais de 2 mil empregos formais por dia no primeiro trimestre de 2026, consolidando-se como l\u00edder nacional na gera\u00e7\u00e3o de vagas. Os dados foram divulgados pelo Governo do<\/p>\n","protected":false},"author":808,"featured_media":155833,"comment_status":"closed","ping_status":"closed","sticky":false,"template":"","format":"standard","meta":{"footnotes":""},"categories":[38],"tags":[],"class_list":{"0":"post-155832","1":"post","2":"type-post","3":"status-publish","4":"format-standard","5":"has-post-thumbnail","7":"category-economia"},"_links":{"self":[{"href":"https:\/\/tarauacanamidia.com.br\/index.php?rest_route=\/wp\/v2\/posts\/155832","targetHints":{"allow":["GET"]}}],"collection":[{"href":"https:\/\/tarauacanamidia.com.br\/index.php?rest_route=\/wp\/v2\/posts"}],"about":[{"href":"https:\/\/tarauacanamidia.com.br\/index.php?rest_route=\/wp\/v2\/types\/post"}],"author":[{"embeddable":true,"href":"https:\/\/tarauacanamidia.com.br\/index.php?rest_route=\/wp\/v2\/users\/808"}],"replies":[{"embeddable":true,"href":"https:\/\/tarauacanamidia.com.br\/index.php?rest_route=%2Fwp%2Fv2%2Fcomments&post=155832"}],"version-history":[{"count":0,"href":"https:\/\/tarauacanamidia.com.br\/index.php?rest_route=\/wp\/v2\/posts\/155832\/revisions"}],"wp:featuredmedia":[{"embeddable":true,"href":"https:\/\/tarauacanamidia.com.br\/index.php?rest_route=\/wp\/v2\/media\/155833"}],"wp:attachment":[{"href":"https:\/\/tarauacanamidia.com.br\/index.php?rest_route=%2Fwp%2Fv2%2Fmedia&parent=155832"}],"wp:term":[{"taxonomy":"category","embeddable":true,"href":"https:\/\/tarauacanamidia.com.br\/index.php?rest_route=%2Fwp%2Fv2%2Fcategories&post=155832"},{"taxonomy":"post_tag","embeddable":true,"href":"https:\/\/tarauacanamidia.com.br\/index.php?rest_route=%2Fwp%2Fv2%2Ftags&post=155832"}],"curies":[{"name":"wp","href":"https:\/\/api.w.org\/{rel}","templated":true}]}}