{"id":155824,"date":"2026-05-01T12:42:05","date_gmt":"2026-05-01T15:42:05","guid":{"rendered":"https:\/\/tarauacanamidia.com.br\/?p=155824"},"modified":"2026-05-01T12:42:05","modified_gmt":"2026-05-01T15:42:05","slug":"pericia-paralela-contesta-laudo-oficial-e-levanta-suspeita-de-assassinato-na-morte-de-pc-siqueira","status":"publish","type":"post","link":"https:\/\/tarauacanamidia.com.br\/?p=155824","title":{"rendered":"Per\u00edcia paralela contesta laudo oficial e levanta suspeita de assassinato na morte de PC Siqueira"},"content":{"rendered":"\n<div>\n<p><strong>Novo relat\u00f3rio t\u00e9cnico questiona conclus\u00e3o inicial e reacende investiga\u00e7\u00e3o sobre morte do influenciador em S\u00e3o Paulo<\/strong><\/p>\n<p>A morte do youtuber PC Siqueira, ocorrida em S\u00e3o Paulo, voltou ao centro das aten\u00e7\u00f5es ap\u00f3s uma per\u00edcia particular contestar o laudo oficial que apontava suic\u00eddio. O novo documento, divulgado em maio de 2026, indica inconsist\u00eancias t\u00e9cnicas e sugere a possibilidade de homic\u00eddio, o que pode reabrir o caso junto \u00e0s autoridades.<\/p>\n<p>A an\u00e1lise independente foi encomendada por pessoas pr\u00f3ximas ao influenciador e conduzida por especialistas forenses. O relat\u00f3rio questiona pontos-chave do laudo inicial elaborado pela Pol\u00edcia Civil de S\u00e3o Paulo, especialmente em rela\u00e7\u00e3o \u00e0 din\u00e2mica da morte e aos vest\u00edgios encontrados no local.<\/p>\n<p>Entre os principais pontos levantados est\u00e3o:<\/p>\n<ul>\n<li>diverg\u00eancias na interpreta\u00e7\u00e3o das les\u00f5es corporais<\/li>\n<li>aus\u00eancia de aprofundamento em elementos do ambiente<\/li>\n<li>lacunas na reconstru\u00e7\u00e3o da cena<\/li>\n<\/ul>\n<p>De acordo com os peritos respons\u00e1veis, os ind\u00edcios analisados n\u00e3o permitem concluir, de forma categ\u00f3rica, que se trata de suic\u00eddio, abrindo margem para outras hip\u00f3teses, incluindo a\u00e7\u00e3o de terceiros.<\/p>\n<p>A repercuss\u00e3o do caso ganhou for\u00e7a ap\u00f3s a divulga\u00e7\u00e3o feita pelo jornal O Estado de S. Paulo, que teve acesso aos detalhes do novo laudo.<\/p>\n<p>A Pol\u00edcia Civil de S\u00e3o Paulo informou que o caso foi conduzido com base nos elementos dispon\u00edveis \u00e0 \u00e9poca e que novas provas podem ser analisadas caso sejam oficialmente apresentadas.<\/p>\n<p><strong>Poss\u00edvel reabertura do caso<\/strong><\/p>\n<p>Com a apresenta\u00e7\u00e3o da per\u00edcia paralela, advogados e familiares podem solicitar formalmente a reavalia\u00e7\u00e3o do caso. Isso pode levar \u00e0 reabertura da investiga\u00e7\u00e3o, dependendo da valida\u00e7\u00e3o t\u00e9cnica do novo material pelos \u00f3rg\u00e3os competentes.<\/p>\n<p>\u2714\ufe0f Pedido deve ser protocolado oficialmente<br \/>\u2714\ufe0f Novo laudo passa por an\u00e1lise pericial do Estado<br \/>\u2714\ufe0f Investiga\u00e7\u00e3o pode ser reclassificada<\/p>\n<p>Casos de contesta\u00e7\u00e3o de laudos oficiais n\u00e3o s\u00e3o incomuns no Brasil, especialmente quando surgem novos elementos t\u00e9cnicos. O C\u00f3digo de Processo Penal permite a revis\u00e3o de investiga\u00e7\u00f5es quando h\u00e1 ind\u00edcios relevantes que n\u00e3o foram considerados inicialmente.<\/p>\n<p>Especialistas em direito penal apontam que per\u00edcias independentes podem influenciar decis\u00f5es judiciais, desde que apresentem metodologia consistente e evid\u00eancias verific\u00e1veis.<\/p>\n<p>A repercuss\u00e3o do caso tem impacto direto em S\u00e3o Paulo, principal centro midi\u00e1tico do pa\u00eds. A cidade concentra grande parte da produ\u00e7\u00e3o de conte\u00fado digital e abriga influenciadores com ampla audi\u00eancia, o que amplia a aten\u00e7\u00e3o p\u00fablica sobre investiga\u00e7\u00f5es envolvendo figuras conhecidas.<\/p>\n<p>Al\u00e9m disso, o epis\u00f3dio refor\u00e7a o debate sobre a transpar\u00eancia e a robustez das investiga\u00e7\u00f5es conduzidas por \u00f3rg\u00e3os estaduais.<\/p>\n<p>A contesta\u00e7\u00e3o do laudo oficial na morte de PC Siqueira adiciona uma nova camada de complexidade ao caso e pode alterar os rumos da investiga\u00e7\u00e3o. A eventual reabertura depender\u00e1 da valida\u00e7\u00e3o t\u00e9cnica das novas evid\u00eancias e da decis\u00e3o das autoridades respons\u00e1veis.<\/p>\n<p><strong>Editor-Executivo-Regional: <\/strong><br \/><strong>Vinicius Moror\u00f3 \u2013 Jornalista At\u00edpico<\/strong><\/p>\n<p><strong>HostingPRESS Ag\u00eancia de Not\u00edcias de S\u00e3o Paulo<\/strong><br \/>Conte\u00fado distribu\u00eddo por nossa Central de Jornalismo<br \/>Reprodu\u00e7\u00e3o autorizada mediante cr\u00e9dito da fonte<br \/>Portal criado para conectar os leitores da regi\u00e3o ao melhor conte\u00fado<br \/>Somos l\u00edderes de audi\u00eancia local. Somos sociais.\u00a0Conecte-se conosco.<\/p>\n<\/p><\/div>\n<section>  \t<img alt=\"Avatar photo\" src=\"https:\/\/hostingpress.com.br\/wp-content\/uploads\/2026\/03\/cropped-Divilgacao-95x95.jpeg\"  height=\"95\" width=\"95\" decoding=\"async\">\t \t<\/p>\n<div>\n<p>Vinicius Moror\u00f3<\/p>\n<p>Editor-Executivo-Regional | Jornalista | Diretor Editorial    Editor-Executivo-Regional da HostingPress Ag\u00eancia de Not\u00edcias de S\u00e3o Paulo, com atua\u00e7\u00e3o voltada \u00e0 coordena\u00e7\u00e3o editorial regional, articula\u00e7\u00e3o com ve\u00edculos parceiros e fortalecimento da distribui\u00e7\u00e3o de conte\u00fado jornal\u00edstico no Estado de S\u00e3o Paulo.      Editor-chefe do Jornal Impacto Cotia, com foco em jornalismo investigativo, interesse p\u00fablico e an\u00e1lise cr\u00edtica de temas pol\u00edticos, sociais e institucionais.<\/p>\n<\/p><\/div>\n<\/section>\n","protected":false},"excerpt":{"rendered":"<p>Novo relat\u00f3rio t\u00e9cnico questiona conclus\u00e3o inicial e reacende investiga\u00e7\u00e3o sobre morte do influenciador em S\u00e3o Paulo A morte do youtuber PC Siqueira, ocorrida em S\u00e3o Paulo, voltou ao centro das aten\u00e7\u00f5es ap\u00f3s uma per\u00edcia particular contestar o laudo oficial que apontava suic\u00eddio. O novo documento, divulgado em maio de 2026, indica inconsist\u00eancias t\u00e9cnicas e sugere<\/p>\n","protected":false},"author":34,"featured_media":155825,"comment_status":"closed","ping_status":"closed","sticky":false,"template":"","format":"standard","meta":{"footnotes":""},"categories":[34],"tags":[],"class_list":{"0":"post-155824","1":"post","2":"type-post","3":"status-publish","4":"format-standard","5":"has-post-thumbnail","7":"category-policia"},"_links":{"self":[{"href":"https:\/\/tarauacanamidia.com.br\/index.php?rest_route=\/wp\/v2\/posts\/155824","targetHints":{"allow":["GET"]}}],"collection":[{"href":"https:\/\/tarauacanamidia.com.br\/index.php?rest_route=\/wp\/v2\/posts"}],"about":[{"href":"https:\/\/tarauacanamidia.com.br\/index.php?rest_route=\/wp\/v2\/types\/post"}],"author":[{"embeddable":true,"href":"https:\/\/tarauacanamidia.com.br\/index.php?rest_route=\/wp\/v2\/users\/34"}],"replies":[{"embeddable":true,"href":"https:\/\/tarauacanamidia.com.br\/index.php?rest_route=%2Fwp%2Fv2%2Fcomments&post=155824"}],"version-history":[{"count":0,"href":"https:\/\/tarauacanamidia.com.br\/index.php?rest_route=\/wp\/v2\/posts\/155824\/revisions"}],"wp:featuredmedia":[{"embeddable":true,"href":"https:\/\/tarauacanamidia.com.br\/index.php?rest_route=\/wp\/v2\/media\/155825"}],"wp:attachment":[{"href":"https:\/\/tarauacanamidia.com.br\/index.php?rest_route=%2Fwp%2Fv2%2Fmedia&parent=155824"}],"wp:term":[{"taxonomy":"category","embeddable":true,"href":"https:\/\/tarauacanamidia.com.br\/index.php?rest_route=%2Fwp%2Fv2%2Fcategories&post=155824"},{"taxonomy":"post_tag","embeddable":true,"href":"https:\/\/tarauacanamidia.com.br\/index.php?rest_route=%2Fwp%2Fv2%2Ftags&post=155824"}],"curies":[{"name":"wp","href":"https:\/\/api.w.org\/{rel}","templated":true}]}}