{"id":155820,"date":"2026-05-01T12:41:55","date_gmt":"2026-05-01T15:41:55","guid":{"rendered":"https:\/\/tarauacanamidia.com.br\/?p=155820"},"modified":"2026-05-01T12:41:55","modified_gmt":"2026-05-01T15:41:55","slug":"policia-reforca-seguranca-em-parques-de-sao-paulo-durante-feriado-prolongado","status":"publish","type":"post","link":"https:\/\/tarauacanamidia.com.br\/?p=155820","title":{"rendered":"Pol\u00edcia refor\u00e7a seguran\u00e7a em parques de S\u00e3o Paulo durante feriado prolongado"},"content":{"rendered":"\n<div>\n<p><strong>Opera\u00e7\u00e3o amplia patrulhamento em \u00e1reas de lazer para coibir crimes e orientar frequentadores<\/strong><\/p>\n<p>A Pol\u00edcia Militar do Estado de S\u00e3o Paulo realizou uma opera\u00e7\u00e3o especial de seguran\u00e7a em parques da capital e da Regi\u00e3o Metropolitana durante o feriado prolongado, com aumento do efetivo e a\u00e7\u00f5es preventivas voltadas \u00e0 prote\u00e7\u00e3o dos frequentadores.<\/p>\n<p>A a\u00e7\u00e3o foi concentrada em \u00e1reas de grande circula\u00e7\u00e3o, incluindo parques urbanos e espa\u00e7os de lazer com hist\u00f3rico de alta presen\u00e7a de p\u00fablico em datas comemorativas. O objetivo principal foi inibir furtos, roubos e outras ocorr\u00eancias comuns em locais abertos com grande fluxo de visitantes.<\/p>\n<p>Durante a opera\u00e7\u00e3o, equipes foram distribu\u00eddas em pontos estrat\u00e9gicos, com patrulhamento a p\u00e9, de bicicleta e viaturas, al\u00e9m de abordagens preventivas.<\/p>\n<p>Entre as medidas adotadas:<\/p>\n<ul>\n<li>refor\u00e7o do policiamento ostensivo<\/li>\n<li>monitoramento de \u00e1reas de maior movimento<\/li>\n<li>orienta\u00e7\u00e3o direta ao p\u00fablico sobre seguran\u00e7a<\/li>\n<\/ul>\n<p>A atua\u00e7\u00e3o tamb\u00e9m contou com apoio de unidades especializadas e integra\u00e7\u00e3o com outras for\u00e7as de seguran\u00e7a.<\/p>\n<p>De acordo com a Pol\u00edcia Militar do Estado de S\u00e3o Paulo, a opera\u00e7\u00e3o tem car\u00e1ter preventivo e busca garantir que a popula\u00e7\u00e3o utilize os espa\u00e7os p\u00fablicos com seguran\u00e7a durante per\u00edodos de maior movimenta\u00e7\u00e3o.<\/p>\n<p><strong>Aumento do fluxo exige refor\u00e7o operacional<\/strong><\/p>\n<p>Durante feriados prolongados, parques registram crescimento significativo no n\u00famero de visitantes, o que demanda planejamento espec\u00edfico das for\u00e7as de seguran\u00e7a.<\/p>\n<p>\u2714\ufe0f maior circula\u00e7\u00e3o de fam\u00edlias e turistas<br \/>\u2714\ufe0f aumento do consumo em \u00e1reas abertas<br \/>\u2714\ufe0f maior risco de furtos oportunistas<\/p>\n<p>Opera\u00e7\u00f5es sazonais fazem parte da estrat\u00e9gia de seguran\u00e7a p\u00fablica em S\u00e3o Paulo, especialmente em datas com aumento de deslocamento e uso de espa\u00e7os coletivos.<\/p>\n<p>Especialistas em seguran\u00e7a apontam que a presen\u00e7a ostensiva da pol\u00edcia tem efeito direto na redu\u00e7\u00e3o de crimes de oportunidade, principalmente em locais com grande concentra\u00e7\u00e3o de pessoas.<\/p>\n<p>Na capital paulista, parques como o Parque Ibirapuera e o Parque Villa-Lobos concentram milhares de visitantes em feriados, tornando-se pontos estrat\u00e9gicos para a\u00e7\u00f5es de seguran\u00e7a.<\/p>\n<p>A iniciativa tamb\u00e9m se estende a munic\u00edpios da Regi\u00e3o Metropolitana, onde \u00e1reas verdes e parques urbanos s\u00e3o destinos frequentes da popula\u00e7\u00e3o.<\/p>\n<p>Para aproveitar os parques com mais seguran\u00e7a:<\/p>\n<p>\u2714\ufe0f evite portar objetos de valor vis\u00edveis<br \/>\u2714\ufe0f mantenha aten\u00e7\u00e3o a pertences pessoais<br \/>\u2714\ufe0f prefira locais movimentados e iluminados<br \/>\u2714\ufe0f em caso de emerg\u00eancia, acione o telefone 190<\/p>\n<p>Den\u00fancias tamb\u00e9m podem ser feitas de forma an\u00f4nima pelo Disque Den\u00fancia (181).<\/p>\n<p>A opera\u00e7\u00e3o refor\u00e7ada da Pol\u00edcia Militar do Estado de S\u00e3o Paulo busca garantir seguran\u00e7a em parques durante o feriado prolongado, combinando presen\u00e7a ostensiva e orienta\u00e7\u00e3o ao p\u00fablico. A medida acompanha o aumento do fluxo de visitantes e integra o planejamento preventivo no estado.<\/p>\n<p><strong>Editor-Executivo-Regional:<\/strong><br \/><strong>Vinicius Moror\u00f3 \u2013 Jornalista At\u00edpico<\/strong><\/p>\n<p><strong>HostingPRESS Ag\u00eancia de Not\u00edcias de S\u00e3o Paulo<\/strong><br \/>Conte\u00fado distribu\u00eddo por nossa Central de Jornalismo<br \/>Reprodu\u00e7\u00e3o autorizada mediante cr\u00e9dito da fonte<\/p>\n<p>Portal criado para conectar os leitores da regi\u00e3o ao melhor conte\u00fado<\/p>\n<p>Somos l\u00edderes de audi\u00eancia local. Somos sociais.\u00a0Conecte-se conosco.<\/p>\n<\/p><\/div>\n<section>  \t<img alt=\"Avatar photo\" src=\"https:\/\/hostingpress.com.br\/wp-content\/uploads\/2026\/03\/cropped-Divilgacao-95x95.jpeg\"  height=\"95\" width=\"95\" decoding=\"async\">\t \t<\/p>\n<div>\n<p>Vinicius Moror\u00f3<\/p>\n<p>Editor-Executivo-Regional | Jornalista | Diretor Editorial    Editor-Executivo-Regional da HostingPress Ag\u00eancia de Not\u00edcias de S\u00e3o Paulo, com atua\u00e7\u00e3o voltada \u00e0 coordena\u00e7\u00e3o editorial regional, articula\u00e7\u00e3o com ve\u00edculos parceiros e fortalecimento da distribui\u00e7\u00e3o de conte\u00fado jornal\u00edstico no Estado de S\u00e3o Paulo.      Editor-chefe do Jornal Impacto Cotia, com foco em jornalismo investigativo, interesse p\u00fablico e an\u00e1lise cr\u00edtica de temas pol\u00edticos, sociais e institucionais.<\/p>\n<\/p><\/div>\n<\/section>\n","protected":false},"excerpt":{"rendered":"<p>Opera\u00e7\u00e3o amplia patrulhamento em \u00e1reas de lazer para coibir crimes e orientar frequentadores A Pol\u00edcia Militar do Estado de S\u00e3o Paulo realizou uma opera\u00e7\u00e3o especial de seguran\u00e7a em parques da capital e da Regi\u00e3o Metropolitana durante o feriado prolongado, com aumento do efetivo e a\u00e7\u00f5es preventivas voltadas \u00e0 prote\u00e7\u00e3o dos frequentadores. A a\u00e7\u00e3o foi concentrada<\/p>\n","protected":false},"author":808,"featured_media":155821,"comment_status":"closed","ping_status":"closed","sticky":false,"template":"","format":"standard","meta":{"footnotes":""},"categories":[35],"tags":[],"class_list":{"0":"post-155820","1":"post","2":"type-post","3":"status-publish","4":"format-standard","5":"has-post-thumbnail","7":"category-cidades"},"_links":{"self":[{"href":"https:\/\/tarauacanamidia.com.br\/index.php?rest_route=\/wp\/v2\/posts\/155820","targetHints":{"allow":["GET"]}}],"collection":[{"href":"https:\/\/tarauacanamidia.com.br\/index.php?rest_route=\/wp\/v2\/posts"}],"about":[{"href":"https:\/\/tarauacanamidia.com.br\/index.php?rest_route=\/wp\/v2\/types\/post"}],"author":[{"embeddable":true,"href":"https:\/\/tarauacanamidia.com.br\/index.php?rest_route=\/wp\/v2\/users\/808"}],"replies":[{"embeddable":true,"href":"https:\/\/tarauacanamidia.com.br\/index.php?rest_route=%2Fwp%2Fv2%2Fcomments&post=155820"}],"version-history":[{"count":0,"href":"https:\/\/tarauacanamidia.com.br\/index.php?rest_route=\/wp\/v2\/posts\/155820\/revisions"}],"wp:featuredmedia":[{"embeddable":true,"href":"https:\/\/tarauacanamidia.com.br\/index.php?rest_route=\/wp\/v2\/media\/155821"}],"wp:attachment":[{"href":"https:\/\/tarauacanamidia.com.br\/index.php?rest_route=%2Fwp%2Fv2%2Fmedia&parent=155820"}],"wp:term":[{"taxonomy":"category","embeddable":true,"href":"https:\/\/tarauacanamidia.com.br\/index.php?rest_route=%2Fwp%2Fv2%2Fcategories&post=155820"},{"taxonomy":"post_tag","embeddable":true,"href":"https:\/\/tarauacanamidia.com.br\/index.php?rest_route=%2Fwp%2Fv2%2Ftags&post=155820"}],"curies":[{"name":"wp","href":"https:\/\/api.w.org\/{rel}","templated":true}]}}