{"id":155814,"date":"2026-05-01T12:01:00","date_gmt":"2026-05-01T15:01:00","guid":{"rendered":"https:\/\/tarauacanamidia.com.br\/?p=155814"},"modified":"2026-05-01T12:01:00","modified_gmt":"2026-05-01T15:01:00","slug":"detran-sp-libera-uso-de-veiculo-proprio-em-exame-pratico-de-direcao","status":"publish","type":"post","link":"https:\/\/tarauacanamidia.com.br\/?p=155814","title":{"rendered":"Detran-SP libera uso de ve\u00edculo pr\u00f3prio em exame pr\u00e1tico de dire\u00e7\u00e3o"},"content":{"rendered":"\n<div>\n<p><strong>Nova regra permite que candidatos utilizem carro particular na prova, mediante crit\u00e9rios t\u00e9cnicos e de seguran\u00e7a<\/strong><\/p>\n<p>O Departamento Estadual de Tr\u00e2nsito de S\u00e3o Paulo (Detran-SP) passou a permitir o agendamento do exame pr\u00e1tico de dire\u00e7\u00e3o com ve\u00edculo pr\u00f3prio em todo o estado. A medida j\u00e1 est\u00e1 em vigor e estabelece requisitos espec\u00edficos para garantir a seguran\u00e7a e a padroniza\u00e7\u00e3o da avalia\u00e7\u00e3o.<\/p>\n<p>A mudan\u00e7a amplia as op\u00e7\u00f5es para candidatos \u00e0 Carteira Nacional de Habilita\u00e7\u00e3o (CNH), que antes dependiam exclusivamente de ve\u00edculos de autoescolas credenciadas. Agora, \u00e9 poss\u00edvel utilizar um carro particular, desde que ele atenda \u00e0s exig\u00eancias t\u00e9cnicas definidas pelo \u00f3rg\u00e3o.<\/p>\n<p>Entre os crit\u00e9rios obrigat\u00f3rios est\u00e3o:<\/p>\n<ul>\n<li>ve\u00edculo devidamente licenciado e regularizado<\/li>\n<li>presen\u00e7a de duplo comando (freio adicional)<\/li>\n<li>identifica\u00e7\u00e3o como ve\u00edculo de aprendizagem<\/li>\n<li>acompanhamento de instrutor credenciado<\/li>\n<\/ul>\n<p>O exame continua sendo aplicado por avaliadores do pr\u00f3prio Departamento Estadual de Tr\u00e2nsito de S\u00e3o Paulo (Detran-SP), seguindo os mesmos par\u00e2metros t\u00e9cnicos j\u00e1 estabelecidos.<\/p>\n<p>Segundo o Detran-SP, a iniciativa busca modernizar o processo de habilita\u00e7\u00e3o e oferecer mais flexibilidade aos candidatos, sem comprometer a seguran\u00e7a e a qualidade da avalia\u00e7\u00e3o.<\/p>\n<p><strong>Como funciona o agendamento<\/strong><\/p>\n<p>O processo deve ser feito pelos canais oficiais:<\/p>\n<p>\u2714\ufe0f solicita\u00e7\u00e3o via autoescola credenciada<br \/>\u2714\ufe0f verifica\u00e7\u00e3o pr\u00e9via das condi\u00e7\u00f5es do ve\u00edculo<br \/>\u2714\ufe0f agendamento pelo sistema do Detran-SP<br \/>\u2714\ufe0f valida\u00e7\u00e3o no dia da prova<\/p>\n<p>A flexibiliza\u00e7\u00e3o acompanha uma tend\u00eancia de moderniza\u00e7\u00e3o dos servi\u00e7os p\u00fablicos, com foco na autonomia do cidad\u00e3o e na otimiza\u00e7\u00e3o de recursos. No entanto, a exig\u00eancia de adapta\u00e7\u00f5es espec\u00edficas no ve\u00edculo mant\u00e9m o controle t\u00e9cnico necess\u00e1rio para a aplica\u00e7\u00e3o do exame.<\/p>\n<p>Especialistas em tr\u00e2nsito destacam que o uso de carro pr\u00f3prio pode aumentar o conforto do candidato, mas refor\u00e7am a import\u00e2ncia de cumprir rigorosamente as normas de seguran\u00e7a.<\/p>\n<p>Em um estado com alta demanda por habilita\u00e7\u00e3o, como S\u00e3o Paulo, a medida pode reduzir filas e ampliar a capacidade de atendimento. A capital e a Regi\u00e3o Metropolitana concentram grande volume de candidatos, o que torna a flexibiliza\u00e7\u00e3o relevante para o fluxo dos exames.<\/p>\n<p>Para realizar o exame com ve\u00edculo pr\u00f3prio:<\/p>\n<p>\u2714\ufe0f verificar todos os requisitos no site do Departamento Estadual de Tr\u00e2nsito de S\u00e3o Paulo (Detran-SP)<br \/>\u2714\ufe0f garantir instala\u00e7\u00e3o de duplo comando por profissional autorizado<br \/>\u2714\ufe0f manter documenta\u00e7\u00e3o do ve\u00edculo regularizada<br \/>\u2714\ufe0f realizar o agendamento por meio da autoescola<\/p>\n<p>Em caso de d\u00favidas, o atendimento pode ser feito pelos canais oficiais do Detran-SP.<\/p>\n<p>A libera\u00e7\u00e3o do uso de ve\u00edculo pr\u00f3prio no exame pr\u00e1tico representa uma mudan\u00e7a significativa no processo de habilita\u00e7\u00e3o em S\u00e3o Paulo. A medida amplia a autonomia dos candidatos, mantendo crit\u00e9rios t\u00e9cnicos que asseguram a padroniza\u00e7\u00e3o e a seguran\u00e7a das avalia\u00e7\u00f5es.<\/p>\n<p><strong>Editor-Executivo-Regional:<\/strong><br \/><strong>Vinicius Moror\u00f3 \u2013 Jornalista At\u00edpico<\/strong><\/p>\n<p><strong>HostingPRESS Ag\u00eancia de Not\u00edcias de S\u00e3o Paulo<\/strong><br \/>Conte\u00fado distribu\u00eddo por nossa Central de Jornalismo<br \/>Reprodu\u00e7\u00e3o autorizada mediante cr\u00e9dito da fonte<br \/>Portal criado para conectar os leitores da regi\u00e3o ao melhor conte\u00fado<br \/>Somos l\u00edderes de audi\u00eancia local. Somos sociais.\u00a0Conecte-se conosco.<\/p>\n<\/p><\/div>\n<section>  \t<img alt=\"Avatar photo\" src=\"https:\/\/hostingpress.com.br\/wp-content\/uploads\/2026\/03\/cropped-Divilgacao-95x95.jpeg\"  height=\"95\" width=\"95\" decoding=\"async\">\t \t<\/p>\n<div>\n<p>Vinicius Moror\u00f3<\/p>\n<p>Editor-Executivo-Regional | Jornalista | Diretor Editorial    Editor-Executivo-Regional da HostingPress Ag\u00eancia de Not\u00edcias de S\u00e3o Paulo, com atua\u00e7\u00e3o voltada \u00e0 coordena\u00e7\u00e3o editorial regional, articula\u00e7\u00e3o com ve\u00edculos parceiros e fortalecimento da distribui\u00e7\u00e3o de conte\u00fado jornal\u00edstico no Estado de S\u00e3o Paulo.      Editor-chefe do Jornal Impacto Cotia, com foco em jornalismo investigativo, interesse p\u00fablico e an\u00e1lise cr\u00edtica de temas pol\u00edticos, sociais e institucionais.<\/p>\n<\/p><\/div>\n<\/section>\n","protected":false},"excerpt":{"rendered":"<p>Nova regra permite que candidatos utilizem carro particular na prova, mediante crit\u00e9rios t\u00e9cnicos e de seguran\u00e7a O Departamento Estadual de Tr\u00e2nsito de S\u00e3o Paulo (Detran-SP) passou a permitir o agendamento do exame pr\u00e1tico de dire\u00e7\u00e3o com ve\u00edculo pr\u00f3prio em todo o estado. A medida j\u00e1 est\u00e1 em vigor e estabelece requisitos espec\u00edficos para garantir a<\/p>\n","protected":false},"author":808,"featured_media":155815,"comment_status":"closed","ping_status":"closed","sticky":false,"template":"","format":"standard","meta":{"footnotes":""},"categories":[32,1],"tags":[],"class_list":{"0":"post-155814","1":"post","2":"type-post","3":"status-publish","4":"format-standard","5":"has-post-thumbnail","7":"category-brasil","8":"category-todas-noticias"},"_links":{"self":[{"href":"https:\/\/tarauacanamidia.com.br\/index.php?rest_route=\/wp\/v2\/posts\/155814","targetHints":{"allow":["GET"]}}],"collection":[{"href":"https:\/\/tarauacanamidia.com.br\/index.php?rest_route=\/wp\/v2\/posts"}],"about":[{"href":"https:\/\/tarauacanamidia.com.br\/index.php?rest_route=\/wp\/v2\/types\/post"}],"author":[{"embeddable":true,"href":"https:\/\/tarauacanamidia.com.br\/index.php?rest_route=\/wp\/v2\/users\/808"}],"replies":[{"embeddable":true,"href":"https:\/\/tarauacanamidia.com.br\/index.php?rest_route=%2Fwp%2Fv2%2Fcomments&post=155814"}],"version-history":[{"count":0,"href":"https:\/\/tarauacanamidia.com.br\/index.php?rest_route=\/wp\/v2\/posts\/155814\/revisions"}],"wp:featuredmedia":[{"embeddable":true,"href":"https:\/\/tarauacanamidia.com.br\/index.php?rest_route=\/wp\/v2\/media\/155815"}],"wp:attachment":[{"href":"https:\/\/tarauacanamidia.com.br\/index.php?rest_route=%2Fwp%2Fv2%2Fmedia&parent=155814"}],"wp:term":[{"taxonomy":"category","embeddable":true,"href":"https:\/\/tarauacanamidia.com.br\/index.php?rest_route=%2Fwp%2Fv2%2Fcategories&post=155814"},{"taxonomy":"post_tag","embeddable":true,"href":"https:\/\/tarauacanamidia.com.br\/index.php?rest_route=%2Fwp%2Fv2%2Ftags&post=155814"}],"curies":[{"name":"wp","href":"https:\/\/api.w.org\/{rel}","templated":true}]}}