{"id":155812,"date":"2026-05-01T12:15:00","date_gmt":"2026-05-01T15:15:00","guid":{"rendered":"https:\/\/tarauacanamidia.com.br\/?p=155812"},"modified":"2026-05-01T12:15:00","modified_gmt":"2026-05-01T15:15:00","slug":"tempo-seco-predomina-em-sao-paulo-neste-sabado-com-queda-na-umidade-do-ar","status":"publish","type":"post","link":"https:\/\/tarauacanamidia.com.br\/?p=155812","title":{"rendered":"Tempo seco predomina em S\u00e3o Paulo neste s\u00e1bado com queda na umidade do ar"},"content":{"rendered":"\n<div>\n<p><strong>Defesa Civil alerta para \u00edndices baixos de umidade e orienta popula\u00e7\u00e3o a refor\u00e7ar hidrata\u00e7\u00e3o<\/strong><\/p>\n<p>A previs\u00e3o do tempo para este s\u00e1bado (2) indica predom\u00ednio de uma massa de ar seco em todo o estado de S\u00e3o Paulo, com redu\u00e7\u00e3o significativa da umidade relativa do ar. O alerta foi emitido pela Defesa Civil do Estado de S\u00e3o Paulo, que recomenda aten\u00e7\u00e3o redobrada \u00e0 sa\u00fade, especialmente nas horas mais quentes do dia.<\/p>\n<p>De acordo com os dados meteorol\u00f3gicos, o dia ser\u00e1 marcado por c\u00e9u aberto, temperaturas elevadas durante a tarde e aus\u00eancia de chuvas. A condi\u00e7\u00e3o clim\u00e1tica favorece a queda nos n\u00edveis de umidade, que podem atingir patamares considerados cr\u00edticos em algumas regi\u00f5es.<\/p>\n<p>A massa de ar seco atua como um bloqueio \u00e0 forma\u00e7\u00e3o de nuvens carregadas, mantendo o tempo est\u00e1vel, por\u00e9m com impactos diretos na qualidade do ar e no bem-estar da popula\u00e7\u00e3o.<\/p>\n<p>Entre os efeitos mais comuns est\u00e3o:<\/p>\n<ul>\n<li>ressecamento das vias respirat\u00f3rias<\/li>\n<li>aumento do risco de problemas al\u00e9rgicos<\/li>\n<li>desconforto t\u00e9rmico durante a tarde<\/li>\n<\/ul>\n<p>Segundo a Defesa Civil do Estado de S\u00e3o Paulo, a baixa umidade exige medidas preventivas para evitar complica\u00e7\u00f5es de sa\u00fade, especialmente entre crian\u00e7as e idosos.<\/p>\n<p><strong>Orienta\u00e7\u00f5es ao p\u00fablico<\/strong><\/p>\n<p>Para enfrentar o tempo seco com seguran\u00e7a:<\/p>\n<p>\u2714\ufe0f manter hidrata\u00e7\u00e3o constante ao longo do dia<br \/>\u2714\ufe0f evitar atividades f\u00edsicas entre 11h e 16h<br \/>\u2714\ufe0f utilizar umidificadores ou recipientes com \u00e1gua em ambientes fechados<br \/>\u2714\ufe0f redobrar cuidados com crian\u00e7as, idosos e pessoas com doen\u00e7as respirat\u00f3rias<\/p>\n<p>Per\u00edodos de estiagem s\u00e3o comuns no estado durante determinadas \u00e9pocas do ano, principalmente no outono e inverno. A aus\u00eancia de chuvas e a baixa umidade contribuem para o aumento de queimadas e piora na qualidade do ar.<\/p>\n<p>Especialistas em sa\u00fade p\u00fablica alertam que a exposi\u00e7\u00e3o prolongada a ambientes secos pode agravar doen\u00e7as respirat\u00f3rias e exigir maior aten\u00e7\u00e3o preventiva.<\/p>\n<p>Na capital paulista e na Regi\u00e3o Metropolitana, o impacto \u00e9 intensificado pela polui\u00e7\u00e3o urbana. A combina\u00e7\u00e3o entre ar seco e alta concentra\u00e7\u00e3o de poluentes pode agravar sintomas respirat\u00f3rios e aumentar a procura por atendimento m\u00e9dico.<\/p>\n<p>Al\u00e9m disso, a baixa umidade afeta diretamente a rotina da popula\u00e7\u00e3o, especialmente em deslocamentos e atividades ao ar livre.<\/p>\n<p>Em caso de sintomas respirat\u00f3rios ou desconforto:<\/p>\n<p>\u2714\ufe0f procurar atendimento em unidades b\u00e1sicas de sa\u00fade (UBSs)<br \/>\u2714\ufe0f acompanhar atualiza\u00e7\u00f5es meteorol\u00f3gicas pelos canais oficiais<br \/>\u2714\ufe0f seguir orienta\u00e7\u00f5es da Defesa Civil do Estado de S\u00e3o Paulo<\/p>\n<p>Emerg\u00eancias podem ser comunicadas pelo telefone 199.<\/p>\n<p>O s\u00e1bado ser\u00e1 marcado por tempo firme e baixa umidade em S\u00e3o Paulo, exigindo cuidados simples, por\u00e9m essenciais, para preservar a sa\u00fade. A orienta\u00e7\u00e3o \u00e9 manter hidrata\u00e7\u00e3o e evitar exposi\u00e7\u00e3o nos per\u00edodos mais cr\u00edticos do dia.<\/p>\n<p><strong>Editor-Executivo-Regional:<\/strong><br \/><strong>Vinicius Moror\u00f3 \u2013 Jornalista At\u00edpico<\/strong><\/p>\n<p><strong>HostingPRESS Ag\u00eancia de Not\u00edcias de S\u00e3o Paulo<\/strong><br \/>Conte\u00fado distribu\u00eddo por nossa Central de Jornalismo<br \/>Reprodu\u00e7\u00e3o autorizada mediante cr\u00e9dito da fonte<br \/>Portal criado para conectar os leitores da regi\u00e3o ao melhor conte\u00fado<br \/>Somos l\u00edderes de audi\u00eancia local. Somos sociais.\u00a0Conecte-se conosco.<\/p>\n<\/p><\/div>\n<section>  \t<img alt=\"Avatar photo\" src=\"https:\/\/hostingpress.com.br\/wp-content\/uploads\/2026\/03\/cropped-Divilgacao-95x95.jpeg\"  height=\"95\" width=\"95\" decoding=\"async\">\t \t<\/p>\n<div>\n<p>Vinicius Moror\u00f3<\/p>\n<p>Editor-Executivo-Regional | Jornalista | Diretor Editorial    Editor-Executivo-Regional da HostingPress Ag\u00eancia de Not\u00edcias de S\u00e3o Paulo, com atua\u00e7\u00e3o voltada \u00e0 coordena\u00e7\u00e3o editorial regional, articula\u00e7\u00e3o com ve\u00edculos parceiros e fortalecimento da distribui\u00e7\u00e3o de conte\u00fado jornal\u00edstico no Estado de S\u00e3o Paulo.      Editor-chefe do Jornal Impacto Cotia, com foco em jornalismo investigativo, interesse p\u00fablico e an\u00e1lise cr\u00edtica de temas pol\u00edticos, sociais e institucionais.<\/p>\n<\/p><\/div>\n<\/section>\n","protected":false},"excerpt":{"rendered":"<p>Defesa Civil alerta para \u00edndices baixos de umidade e orienta popula\u00e7\u00e3o a refor\u00e7ar hidrata\u00e7\u00e3o A previs\u00e3o do tempo para este s\u00e1bado (2) indica predom\u00ednio de uma massa de ar seco em todo o estado de S\u00e3o Paulo, com redu\u00e7\u00e3o significativa da umidade relativa do ar. O alerta foi emitido pela Defesa Civil do Estado de<\/p>\n","protected":false},"author":808,"featured_media":155813,"comment_status":"closed","ping_status":"closed","sticky":false,"template":"","format":"standard","meta":{"footnotes":""},"categories":[32,1],"tags":[],"class_list":{"0":"post-155812","1":"post","2":"type-post","3":"status-publish","4":"format-standard","5":"has-post-thumbnail","7":"category-brasil","8":"category-todas-noticias"},"_links":{"self":[{"href":"https:\/\/tarauacanamidia.com.br\/index.php?rest_route=\/wp\/v2\/posts\/155812","targetHints":{"allow":["GET"]}}],"collection":[{"href":"https:\/\/tarauacanamidia.com.br\/index.php?rest_route=\/wp\/v2\/posts"}],"about":[{"href":"https:\/\/tarauacanamidia.com.br\/index.php?rest_route=\/wp\/v2\/types\/post"}],"author":[{"embeddable":true,"href":"https:\/\/tarauacanamidia.com.br\/index.php?rest_route=\/wp\/v2\/users\/808"}],"replies":[{"embeddable":true,"href":"https:\/\/tarauacanamidia.com.br\/index.php?rest_route=%2Fwp%2Fv2%2Fcomments&post=155812"}],"version-history":[{"count":0,"href":"https:\/\/tarauacanamidia.com.br\/index.php?rest_route=\/wp\/v2\/posts\/155812\/revisions"}],"wp:featuredmedia":[{"embeddable":true,"href":"https:\/\/tarauacanamidia.com.br\/index.php?rest_route=\/wp\/v2\/media\/155813"}],"wp:attachment":[{"href":"https:\/\/tarauacanamidia.com.br\/index.php?rest_route=%2Fwp%2Fv2%2Fmedia&parent=155812"}],"wp:term":[{"taxonomy":"category","embeddable":true,"href":"https:\/\/tarauacanamidia.com.br\/index.php?rest_route=%2Fwp%2Fv2%2Fcategories&post=155812"},{"taxonomy":"post_tag","embeddable":true,"href":"https:\/\/tarauacanamidia.com.br\/index.php?rest_route=%2Fwp%2Fv2%2Ftags&post=155812"}],"curies":[{"name":"wp","href":"https:\/\/api.w.org\/{rel}","templated":true}]}}