{"id":155649,"date":"2026-05-01T03:44:02","date_gmt":"2026-05-01T06:44:02","guid":{"rendered":"https:\/\/tarauacanamidia.com.br\/?p=155649"},"modified":"2026-05-01T03:44:02","modified_gmt":"2026-05-01T06:44:02","slug":"governo-anuncia-desenrola-2-0-para-4-de-maio-com-descontos-de-ate-90-e-novo-foco-em-dividas-de-cartao-e-credito-pessoal","status":"publish","type":"post","link":"https:\/\/tarauacanamidia.com.br\/?p=155649","title":{"rendered":"Governo anuncia Desenrola 2.0 para 4 de maio com descontos de at\u00e9 90% e novo foco em d\u00edvidas de cart\u00e3o e cr\u00e9dito pessoal"},"content":{"rendered":"\n<div>\n<p>Com o objetivo de recolocar na agenda governamental uma pauta de forte apelo popular \u00e0s v\u00e9speras das elei\u00e7\u00f5es de outubro de 2026, o governo do presidente Luiz In\u00e1cio Lula da Silva decidiu lan\u00e7ar formalmente, na segunda-feira, 4 de maio, o novo programa de renegocia\u00e7\u00e3o de d\u00edvidas que vem sendo chamado nos bastidores de Desenrola 2.0, em alus\u00e3o direta ao bem-sucedido Desenrola Brasil, lan\u00e7ado em 2023 e que constituiu um dos marcos sociais do in\u00edcio do terceiro mandato petista. A cerim\u00f4nia de lan\u00e7amento, que reunir\u00e1 o presidente, ministros de Estado e dirigentes de bancos p\u00fablicos no Pal\u00e1cio do Planalto, foi confirmada por fontes governamentais nesta quinta-feira, 30 de abril, ap\u00f3s dias de especula\u00e7\u00e3o sobre a data exata do an\u00fancio.<\/p>\n<p>A nova vers\u00e3o do programa tem um escopo deliberadamente mais cir\u00fargico do que sua antecessora. Enquanto o Desenrola Brasil de 2023 havia atendido a devedores de diferentes perfis e faixas de renda, o Desenrola 2.0 concentrar\u00e1 seus esfor\u00e7os nos trabalhadores de renda de at\u00e9 cinco sal\u00e1rios m\u00ednimos, justamente a parcela da popula\u00e7\u00e3o que se encontra mais exposta \u00e0s modalidades de cr\u00e9dito com as maiores taxas de juros do mercado financeiro brasileiro: o cart\u00e3o de cr\u00e9dito rotativo, o cr\u00e9dito pessoal sem garantia e o cheque especial. S\u00e3o exatamente essas tr\u00eas modalidades que respondem pelo grosso do endividamento problem\u00e1tico das fam\u00edlias de baixa e m\u00e9dia renda e que, em raz\u00e3o dos juros compostos, tendem a multiplicar rapidamente o valor original da d\u00edvida a patamares impag\u00e1veis para os devedores.<\/p>\n<p>O desconto m\u00e1ximo prometido pelo governo \u00e9 de 90% sobre o valor atualizado do d\u00e9bito, o que significa que uma d\u00edvida de R$ 10.000 poderia ser liquidada por algo pr\u00f3ximo a R$ 1.000, conforme ilustrou o pr\u00f3prio ministro da Fazenda, Dario Durigan, ao apresentar as linhas gerais do programa \u00e0 imprensa. A viabilidade econ\u00f4mica de descontos dessa magnitude depende do envolvimento dos bancos credores no programa, que s\u00f3 aceitar\u00e3o os abatimentos se perceberem que a alternativa de manter a d\u00edvida irrecuper\u00e1vel nos seus balan\u00e7os \u00e9 pior do que a certeza de receber um valor menor, mas real e imediato. \u00c9 nesse ponto que a participa\u00e7\u00e3o do Fundo Garantidor de Opera\u00e7\u00f5es, o FGO, como instrumento de cobertura parcial de riscos, torna-se estrat\u00e9gica para induzir a ades\u00e3o do sistema financeiro.<\/p>\n<p>Uma das novidades mais significativas do Desenrola 2.0 em rela\u00e7\u00e3o \u00e0 primeira vers\u00e3o \u00e9 a possibilidade de utiliza\u00e7\u00e3o do saldo do Fundo de Garantia do Tempo de Servi\u00e7o, o FGTS, como meio de pagamento para a quita\u00e7\u00e3o de d\u00edvidas renegociadas no \u00e2mbito do programa. A medida, que representa uma flexibiliza\u00e7\u00e3o pontual das regras de saque do FGTS, atende a uma demanda hist\u00f3rica de trabalhadores endividados que possuem recursos depositados no fundo mas s\u00e3o impedidos pelas regras vigentes de utiliz\u00e1-los para regularizar sua situa\u00e7\u00e3o financeira. Do ponto de vista econ\u00f4mico, a medida \u00e9 ao mesmo tempo uma solu\u00e7\u00e3o de curto prazo para os devedores e um mecanismo de redu\u00e7\u00e3o da inadimpl\u00eancia que beneficia o sistema financeiro como um todo.<\/p>\n<p>O contexto macroecon\u00f4mico que justifica a urg\u00eancia do programa \u00e9 de extrema gravidade. As taxas de endividamento das fam\u00edlias brasileiras atingiram n\u00edveis recordes em 2025 e seguem em patamar elevado em 2026, reflexo da combina\u00e7\u00e3o entre juros estruturalmente altos, infla\u00e7\u00e3o persistente e estagna\u00e7\u00e3o do poder aquisitivo real dos trabalhadores de menor renda. A taxa Selic, que o Banco Central tem mantido em n\u00edveis elevados para conter a infla\u00e7\u00e3o, funciona como uma correia de transmiss\u00e3o que eleva o custo de todo o cr\u00e9dito na economia, tornando as d\u00edvidas existentes mais caras e o novo cr\u00e9dito progressivamente inacess\u00edvel para as fam\u00edlias mais vulner\u00e1veis.<\/p>\n<p>Al\u00e9m dos aspectos financeiros, o Desenrola 2.0 tem um componente pol\u00edtico que nenhum analista s\u00e9rio pode ignorar: o programa \u00e9 anunciado a seis meses das elei\u00e7\u00f5es presidenciais, em um momento em que as pesquisas de inten\u00e7\u00e3o de voto mostram o presidente Lula em empate t\u00e9cnico com o principal candidato da oposi\u00e7\u00e3o. A conjun\u00e7\u00e3o entre a necessidade social real de um programa de al\u00edvio do endividamento e a conveni\u00eancia eleitoral de seu an\u00fancio coloca em perspectiva a natureza ambivalente das pol\u00edticas p\u00fablicas em per\u00edodos pr\u00e9-eleitorais, sem que isso necessite diminuir o impacto concreto que o programa pode ter na vida de milh\u00f5es de brasileiros.<\/p>\n<p>N\u00e3o perca nenhuma atualiza\u00e7\u00e3o sobre o Desenrola 2.0 e seus crit\u00e9rios de acesso na <em>HostingPress<\/em>, seu portal de refer\u00eancia para not\u00edcias econ\u00f4micas com profundidade e rigor.<\/p>\n<p>__<\/p>\n<p>Marcelo Henrique de Carvalho, editor-chefe<\/p>\n<p>HostingPRESS \u2014 Ag\u00eancia de Not\u00edcias de S\u00e3o Paulo. Conte\u00fado distribu\u00eddo por nossa Central de Jornalismo. Reprodu\u00e7\u00e3o autorizada mediante cr\u00e9dito da fonte.<\/p>\n<\/p><\/div>\n","protected":false},"excerpt":{"rendered":"<p>Com o objetivo de recolocar na agenda governamental uma pauta de forte apelo popular \u00e0s v\u00e9speras das elei\u00e7\u00f5es de outubro de 2026, o governo do presidente Luiz In\u00e1cio Lula da Silva decidiu lan\u00e7ar formalmente, na segunda-feira, 4 de maio, o novo programa de renegocia\u00e7\u00e3o de d\u00edvidas que vem sendo chamado nos bastidores de Desenrola 2.0,<\/p>\n","protected":false},"author":811,"featured_media":155650,"comment_status":"closed","ping_status":"closed","sticky":false,"template":"","format":"standard","meta":{"footnotes":""},"categories":[38],"tags":[],"class_list":{"0":"post-155649","1":"post","2":"type-post","3":"status-publish","4":"format-standard","5":"has-post-thumbnail","7":"category-economia"},"_links":{"self":[{"href":"https:\/\/tarauacanamidia.com.br\/index.php?rest_route=\/wp\/v2\/posts\/155649","targetHints":{"allow":["GET"]}}],"collection":[{"href":"https:\/\/tarauacanamidia.com.br\/index.php?rest_route=\/wp\/v2\/posts"}],"about":[{"href":"https:\/\/tarauacanamidia.com.br\/index.php?rest_route=\/wp\/v2\/types\/post"}],"author":[{"embeddable":true,"href":"https:\/\/tarauacanamidia.com.br\/index.php?rest_route=\/wp\/v2\/users\/811"}],"replies":[{"embeddable":true,"href":"https:\/\/tarauacanamidia.com.br\/index.php?rest_route=%2Fwp%2Fv2%2Fcomments&post=155649"}],"version-history":[{"count":0,"href":"https:\/\/tarauacanamidia.com.br\/index.php?rest_route=\/wp\/v2\/posts\/155649\/revisions"}],"wp:featuredmedia":[{"embeddable":true,"href":"https:\/\/tarauacanamidia.com.br\/index.php?rest_route=\/wp\/v2\/media\/155650"}],"wp:attachment":[{"href":"https:\/\/tarauacanamidia.com.br\/index.php?rest_route=%2Fwp%2Fv2%2Fmedia&parent=155649"}],"wp:term":[{"taxonomy":"category","embeddable":true,"href":"https:\/\/tarauacanamidia.com.br\/index.php?rest_route=%2Fwp%2Fv2%2Fcategories&post=155649"},{"taxonomy":"post_tag","embeddable":true,"href":"https:\/\/tarauacanamidia.com.br\/index.php?rest_route=%2Fwp%2Fv2%2Ftags&post=155649"}],"curies":[{"name":"wp","href":"https:\/\/api.w.org\/{rel}","templated":true}]}}